{"id":1381,"date":"2022-11-23T11:51:57","date_gmt":"2022-11-23T10:51:57","guid":{"rendered":"https:\/\/www.groupe-tommasini.com\/construction\/?p=1381"},"modified":"2022-11-24T08:56:22","modified_gmt":"2022-11-24T07:56:22","slug":"halluin-la-percee-au-coeur-de-la-residence-bouvier-a-ete-realisee","status":"publish","type":"post","link":"https:\/\/www.groupe-tommasini.com\/construction\/2022\/11\/23\/halluin-la-percee-au-coeur-de-la-residence-bouvier-a-ete-realisee\/","title":{"rendered":"Halluin: la perc\u00e9e au c\u0153ur de la r\u00e9sidence Bouvier a \u00e9t\u00e9 r\u00e9alis\u00e9e"},"content":{"rendered":"<p>[vc_row][vc_column][vc_column_text]<\/p>\n<h1 class=\"\"><span style=\"color: #000000;\">Halluin: la perc\u00e9e au c\u0153ur de la r\u00e9sidence Bouvier a \u00e9t\u00e9 r\u00e9alis\u00e9e<\/span><\/h1>\n<p>[\/vc_column_text][\/vc_column][\/vc_row][vc_row][vc_column][vc_column_text]<span style=\"color: #000000;\">LA VOIX DU NORD du 7 Aout 2022<\/span>[\/vc_column_text][\/vc_column][\/vc_row][vc_row][vc_column][vc_column_text]<span style=\"color: #ffffff;\">I am text block. Click edit button to change this text. Lorem ipsum dolor sit amet, consectetur adipiscing elit. Ut elit tellus, luctus nec ullamcorper mattis, pulvinar dapibus leo.I am text block. Click edit button to change this text. Lorem ipsum dolor sit amet, consectetur adipiscing elit. Ut elit tellus, luctus nec ullamcorper mattis, pulvinar dapibus leo.I am text block. Click edit button to change this text. Lorem ipsum dolor sit amet, consectetur adipiscing elit.<\/span>[\/vc_column_text][vc_column_text]<span style=\"color: #ffffff;\">I am text block. Click edit button to change this text. Lorem ipsum dolor sit amet, consectetur adipiscing elit. Ut elit tellus, luctus nec ullamcorper mattis, pulvinar dapibus leo.I am text block. Click edit button to change this text. Lorem ipsum dolor sit amet, consectetur adipiscing elit. Ut elit tellus, luctus nec ullamcorper mattis, pulvinar dapibus leo.I am text block. Click edit button to change this text. Lorem ipsum dolor sit amet, consectetur adipiscing elit.<\/span>[\/vc_column_text][vc_column_text]<\/p>\n<h3><span style=\"color: #000000;\">La r\u00e9sidence Bouvier est en cours de r\u00e9habilitation. Courant 2023, la barre de 80 logements sera transform\u00e9e en deux r\u00e9sidences de 40 et 30 appartements.<\/span><\/h3>\n<p>[\/vc_column_text][\/vc_column][\/vc_row][vc_row][vc_column][vc_single_image image=\u00a0\u00bb1382&Prime; img_size=\u00a0\u00bblarge\u00a0\u00bb alignment=\u00a0\u00bbcenter\u00a0\u00bb][vc_column_text]<\/p>\n<h4 style=\"text-align: center;\"><span style=\"color: #000000;\">Une perc\u00e9e a \u00e9t\u00e9 r\u00e9alis\u00e9e au milieu de la barre pour cr\u00e9er deux r\u00e9sidences de 40 et 30 logements.<\/span><\/h4>\n<p>[\/vc_column_text][vc_column_text]<span style=\"color: #ffffff;\">I am text block. Click edit button to change this text. Lorem ipsum dolor sit amet, consectetur adipiscing elit. Ut elit tellus, luctus nec ullamcorper mattis, pulvinar dapibus leo.I am text block. Click edit button to change this text. Lorem ipsum dolor sit amet, consectetur adipiscing elit. Ut elit tellus, luctus nec ullamcorper mattis, pulvinar dapibus leo.I am text block. Click edit button to change this text. Lorem ipsum dolor sit amet, consectetur adipiscing elit.<\/span>[\/vc_column_text][vc_column_text]<span style=\"color: #ffffff;\">I am text block. Click edit button to change this text. Lorem ipsum dolor sit amet, consectetur adipiscing elit. Ut elit tellus, luctus nec ullamcorper mattis, pulvinar dapibus leo.I am text block. Click edit button to change this text. Lorem ipsum dolor sit amet, consectetur adipiscing elit. Ut elit tellus, luctus nec ullamcorper mattis, pulvinar dapibus leo.I am text block. Click edit button to change this text. Lorem ipsum dolor sit amet, consectetur adipiscing elit.<\/span>[\/vc_column_text][\/vc_column][\/vc_row][vc_row][vc_column][vc_column_text]<\/p>\n<h3><span style=\"color: #000000;\">Plus adapt\u00e9e aux normes actuelles, la r\u00e9sidence Bouvier (parall\u00e8le \u00e0 la rue de Lille) est en cours de r\u00e9habilitation. La barre, qui date de 1966, fait l\u2019objet de travaux lourds. Une pelleteuse de l\u2019entreprise Tommasini construction vient de r\u00e9aliser une perc\u00e9e en son centre. Objectif : transformer la barre de 80 logements en deux r\u00e9sidences de 40 et 30 appartements, plus grands. Avec des extensions \u00e0 l\u2019arri\u00e8re, des espaces ext\u00e9rieurs pour chaque logement et surtout avec une tr\u00e8s haute efficacit\u00e9 \u00e9nerg\u00e9tique.<\/span><\/h3>\n<p>[\/vc_column_text][\/vc_column][\/vc_row][vc_row][vc_column][vc_column_text]<\/p>\n<h3 id=\"google_ads_iframe_\/31755961,22558458424\/voixdunord\/web\/article\/article_article_0__container__\"><span style=\"color: #000000;\">Une r\u00e9sidence \u00ab <em>\u00e0 l\u2019image de ce qu\u2019on peut produire aujourd\u2019hui dans le logement neuf<\/em>\u00a0\u00bb, se f\u00e9licitait Arnaud Delannay, le directeur de 3F Notre Logis, en juillet. Les travaux ont d\u00e9marr\u00e9 en mars dernier et la \u00ab\u00a0nouvelle\u00a0\u00bb r\u00e9sidence Bouvier doit \u00eatre livr\u00e9e en 2023.<\/span><\/h3>\n<p>[\/vc_column_text][\/vc_column][\/vc_row]<\/p>\n","protected":false},"excerpt":{"rendered":"<p>[vc_row][vc_column][vc_column_text] Halluin: la perc\u00e9e au c\u0153ur de la r\u00e9sidence Bouvier a \u00e9t\u00e9 r\u00e9alis\u00e9e [\/vc_column_text][\/vc_column][\/vc_row][vc_row][vc_column][vc_column_text]LA VOIX DU NORD du 7 Aout 2022[\/vc_column_text][\/vc_column][\/vc_row][vc_row][vc_column][vc_column_text]I &#8230;<\/p>\n","protected":false},"author":1,"featured_media":1374,"comment_status":"closed","ping_status":"closed","sticky":false,"template":"","format":"standard","meta":{"footnotes":""},"categories":[10],"tags":[],"_links":{"self":[{"href":"https:\/\/www.groupe-tommasini.com\/construction\/wp-json\/wp\/v2\/posts\/1381"}],"collection":[{"href":"https:\/\/www.groupe-tommasini.com\/construction\/wp-json\/wp\/v2\/posts"}],"about":[{"href":"https:\/\/www.groupe-tommasini.com\/construction\/wp-json\/wp\/v2\/types\/post"}],"author":[{"embeddable":true,"href":"https:\/\/www.groupe-tommasini.com\/construction\/wp-json\/wp\/v2\/users\/1"}],"replies":[{"embeddable":true,"href":"https:\/\/www.groupe-tommasini.com\/construction\/wp-json\/wp\/v2\/comments?post=1381"}],"version-history":[{"count":1,"href":"https:\/\/www.groupe-tommasini.com\/construction\/wp-json\/wp\/v2\/posts\/1381\/revisions"}],"predecessor-version":[{"id":1383,"href":"https:\/\/www.groupe-tommasini.com\/construction\/wp-json\/wp\/v2\/posts\/1381\/revisions\/1383"}],"wp:featuredmedia":[{"embeddable":true,"href":"https:\/\/www.groupe-tommasini.com\/construction\/wp-json\/wp\/v2\/media\/1374"}],"wp:attachment":[{"href":"https:\/\/www.groupe-tommasini.com\/construction\/wp-json\/wp\/v2\/media?parent=1381"}],"wp:term":[{"taxonomy":"category","embeddable":true,"href":"https:\/\/www.groupe-tommasini.com\/construction\/wp-json\/wp\/v2\/categories?post=1381"},{"taxonomy":"post_tag","embeddable":true,"href":"https:\/\/www.groupe-tommasini.com\/construction\/wp-json\/wp\/v2\/tags?post=1381"}],"curies":[{"name":"wp","href":"https:\/\/api.w.org\/{rel}","templated":true}]}}